{"id":3250,"date":"2026-04-28T20:26:08","date_gmt":"2026-04-28T18:26:08","guid":{"rendered":"https:\/\/www.verdi-tu.de\/wordpress\/?p=3250"},"modified":"2026-04-28T20:36:15","modified_gmt":"2026-04-28T18:36:15","slug":"tarifkampf-bei-vivantes-jetzt-solidaritaet-zeigen","status":"publish","type":"post","link":"https:\/\/www.verdi-tu.de\/wordpress\/tarifkampf-bei-vivantes-jetzt-solidaritaet-zeigen\/","title":{"rendered":"Tarifkampf bei Vivantes: Jetzt Solidarit\u00e4t zeigen \u270a"},"content":{"rendered":"<p class=\"my-2 [&amp;+p]:mt-4 [&amp;_strong:has(+br)]:inline-block [&amp;_strong:has(+br)]:pb-2\">Seit dem 15. April befinden sich die Besch\u00e4ftigten der Vivantes-Tochtergesellschaften im Erzwingungsstreik. Sie reinigen OP-S\u00e4le, kochen Essen und halten den Klinikbetrieb am Laufen \u2013 doch sie erhalten daf\u00fcr rund 20% weniger Lohn als ihre Kolleg*innen im Mutterkonzern. \ud83c\udfe5<\/p>\n<p class=\"my-2 [&amp;+p]:mt-4 [&amp;_strong:has(+br)]:inline-block [&amp;_strong:has(+br)]:pb-2\">Das ist kein Einzelfall, sondern ein politisches System: Krankenh\u00e4user werden wie gewinnorientierte Unternehmen gef\u00fchrt, bei denen Gesundheit zur Ware und Arbeitskraft zum reinen Kostenfaktor wird. Die Besch\u00e4ftigten k\u00e4mpfen f\u00fcr die R\u00fcckf\u00fchrung in den TV\u00f6D \u2013 ein Versprechen, das im Berliner Koalitionsvertrag steht, aber bis heute nicht eingel\u00f6st wurde. \ud83d\udcdc\u274c<\/p>\n<p class=\"my-2 [&amp;+p]:mt-4 [&amp;_strong:has(+br)]:inline-block [&amp;_strong:has(+br)]:pb-2\">Wir als ver.di-Betriebsgruppe der TU Berlin stehen an ihrer Seite. Ein Streik braucht einen langen Atem. Unterst\u00fctzt die Kolleg*innen vor Ort:<\/p>\n<ul class=\"marker:text-quiet list-disc pl-8\">\n<li class=\"py-0 my-0 prose-p:pt-0 prose-p:mb-2 prose-p:my-0 [&amp;&gt;p]:pt-0 [&amp;&gt;p]:mb-2 [&amp;&gt;p]:my-0\">\n<p class=\"my-2 [&amp;+p]:mt-4 [&amp;_strong:has(+br)]:inline-block [&amp;_strong:has(+br)]:pb-2\"><strong>Spenden:<\/strong> Jeder Euro hilft den Streikenden, die finanziellen L\u00fccken durch Lohnausfall zu schlie\u00dfen: <a class=\"reset interactable cursor-pointer decoration-1 underline-offset-1 text-super hover:underline\" href=\"https:\/\/www.goodcrowd.org\/solidaritaet-mit-dem-streik-bei-vivantes\" target=\"_blank\" rel=\"nofollow noopener\"><span class=\"text-box-trim-both\">Spendenlink sowie weitere Infos hier<\/span><\/a> \ud83d\udcb0<\/p>\n<\/li>\n<li class=\"py-0 my-0 prose-p:pt-0 prose-p:mb-2 prose-p:my-0 [&amp;&gt;p]:pt-0 [&amp;&gt;p]:mb-2 [&amp;&gt;p]:my-0\">\n<p class=\"my-2 [&amp;+p]:mt-4 [&amp;_strong:has(+br)]:inline-block [&amp;_strong:has(+br)]:pb-2\"><strong>Sichtbarkeit:<\/strong> Besucht die Streikposten, teilt die Infos weiter und zeigt: Wir lassen die Vivantes-Besch\u00e4ftigten nicht allein! \ud83d\udce2\ud83e\udd1d<\/p>\n<\/li>\n<\/ul>\n<p class=\"my-2 [&amp;+p]:mt-4 [&amp;_strong:has(+br)]:inline-block [&amp;_strong:has(+br)]:pb-2\">Weitere Infos gibt es hier::<\/p>\n<ul>\n<li>Facebook-Seite: <a href=\"https:\/\/www.facebook.com\/profile.php?id=100057293896568\">Solidarit\u00e4t mit den Besch\u00e4ftigten der Vivantes T\u00f6chterfirmen<\/a><\/li>\n<li class=\"my-2 [&amp;+p]:mt-4 [&amp;_strong:has(+br)]:inline-block [&amp;_strong:has(+br)]:pb-2\">ver.di Fachbereich: <a href=\"https:\/\/gesundheit-soziales-bildung-bb.verdi.de\/tarifbereiche\/vivantes-berlin\/++co++97f2f880-3899-11f1-a6f4-435e53839c3f\">Gegen die Zwei-Klassen-Belegschaft | Gesundheit, Soziale Dienste, Bildung und Wissenschaft in Berlin-Brandenburg<\/a><\/li>\n<li>ver.di Pressemitteilung vom 27.04.26: <a href=\"https:\/\/bb.verdi.de\/presse\/pressemitteilungen\/++co++ab03838c-3f14-11f1-ae12-078a5e7b51da\">Zwei-Klassen-Belegschaft bei Vivantes: Nach Fraktionsbeschluss ist Senat in der Pflicht<\/a><\/li>\n<\/ul>\n","protected":false},"excerpt":{"rendered":"<p>Seit dem 15. April befinden sich die Besch\u00e4ftigten der Vivantes-Tochtergesellschaften im Erzwingungsstreik. Sie reinigen OP-S\u00e4le, kochen Essen und halten den&#8230;<\/p>\n","protected":false},"author":4,"featured_media":3255,"comment_status":"closed","ping_status":"closed","sticky":false,"template":"","format":"standard","meta":{"footnotes":""},"categories":[1],"tags":[],"class_list":["post-3250","post","type-post","status-publish","format-standard","has-post-thumbnail","hentry","category-allgemein"],"_links":{"self":[{"href":"https:\/\/www.verdi-tu.de\/wordpress\/wp-json\/wp\/v2\/posts\/3250","targetHints":{"allow":["GET"]}}],"collection":[{"href":"https:\/\/www.verdi-tu.de\/wordpress\/wp-json\/wp\/v2\/posts"}],"about":[{"href":"https:\/\/www.verdi-tu.de\/wordpress\/wp-json\/wp\/v2\/types\/post"}],"author":[{"embeddable":true,"href":"https:\/\/www.verdi-tu.de\/wordpress\/wp-json\/wp\/v2\/users\/4"}],"replies":[{"embeddable":true,"href":"https:\/\/www.verdi-tu.de\/wordpress\/wp-json\/wp\/v2\/comments?post=3250"}],"version-history":[{"count":9,"href":"https:\/\/www.verdi-tu.de\/wordpress\/wp-json\/wp\/v2\/posts\/3250\/revisions"}],"predecessor-version":[{"id":3260,"href":"https:\/\/www.verdi-tu.de\/wordpress\/wp-json\/wp\/v2\/posts\/3250\/revisions\/3260"}],"wp:featuredmedia":[{"embeddable":true,"href":"https:\/\/www.verdi-tu.de\/wordpress\/wp-json\/wp\/v2\/media\/3255"}],"wp:attachment":[{"href":"https:\/\/www.verdi-tu.de\/wordpress\/wp-json\/wp\/v2\/media?parent=3250"}],"wp:term":[{"taxonomy":"category","embeddable":true,"href":"https:\/\/www.verdi-tu.de\/wordpress\/wp-json\/wp\/v2\/categories?post=3250"},{"taxonomy":"post_tag","embeddable":true,"href":"https:\/\/www.verdi-tu.de\/wordpress\/wp-json\/wp\/v2\/tags?post=3250"}],"curies":[{"name":"wp","href":"https:\/\/api.w.org\/{rel}","templated":true}]}}