{"id":2442,"date":"2023-11-10T12:24:21","date_gmt":"2023-11-10T10:24:21","guid":{"rendered":"https:\/\/www.verdi-tu.de\/wordpress\/?p=2442"},"modified":"2026-01-23T13:28:41","modified_gmt":"2026-01-23T11:28:41","slug":"mitgliederversammlung-am-do-16-11-2023-zur-aufstellung-der-listen-zur-eas-und-ku-wahl","status":"publish","type":"post","link":"https:\/\/www.verdi-tu.de\/wordpress\/mitgliederversammlung-am-do-16-11-2023-zur-aufstellung-der-listen-zur-eas-und-ku-wahl\/","title":{"rendered":"Mitgliederversammlung am Do. 16.11.2023 zur Aufstellung der Listen zur (E)AS- und KU-Wahl"},"content":{"rendered":"<p>Hauptthema der Mitgliederversammlung am kommenden Donnerstag 15:30-17:00h im H2555 wird die Listenaufstellung zu den KU-\/(E)AS-Wahlen sein.<\/p>\n<p>Ich bitte die derzeitigen Listenverantwortlichen darum, eine \u00fcbersichtliche Vorschlagsliste schnellst m\u00f6glich allen zu Verf\u00fcgung zu stellen.<\/p>\n<p>Au\u00dferdem rufe ich jeden von Euch auf, sich f\u00fcr die Wahlen noch aufstellen zu lassen.<\/p>\n<p>Wenn neben der Listenaufstellung noch Zeit sein sollte sind als weitere Themen m\u00f6glich:<\/p>\n<ul>\n<li>TVL Tarifbewegung 2023\n<ul>\n<li>Auswertung Aktionstage 13.+15.11.<\/li>\n<li>20.11.: Hochschulaktionstages<\/li>\n<li>21.11.: Aktionstag der Berliner Bibliotheken<\/li>\n<li>22.11.: Aktionstag Stadtstaatenzulage in Berlin, Hamburg und Bremen<\/li>\n<li>06.12.: berlinweiter Aktionstag<\/li>\n<li>3. Verhandlungsrunde 07.\/08.12.2023 \u2013 Aktionen und Teilnahme BG TU<\/li>\n<\/ul>\n<\/li>\n<li>Berichte von bzw. Fragen an Gremienvertreter*innen<\/li>\n<li>Verschiedenes\/Sonstiges<\/li>\n<\/ul>\n","protected":false},"excerpt":{"rendered":"<p>Hauptthema der Mitgliederversammlung am kommenden Donnerstag 15:30-17:00h im H2555 wird die Listenaufstellung zu den KU-\/(E)AS-Wahlen sein. Ich bitte die derzeitigen&#8230;<\/p>\n","protected":false},"author":3,"featured_media":2468,"comment_status":"closed","ping_status":"closed","sticky":false,"template":"","format":"standard","meta":{"footnotes":""},"categories":[10],"tags":[],"class_list":["post-2442","post","type-post","status-publish","format-standard","has-post-thumbnail","hentry","category-akademische-selbstverwaltung"],"_links":{"self":[{"href":"https:\/\/www.verdi-tu.de\/wordpress\/wp-json\/wp\/v2\/posts\/2442","targetHints":{"allow":["GET"]}}],"collection":[{"href":"https:\/\/www.verdi-tu.de\/wordpress\/wp-json\/wp\/v2\/posts"}],"about":[{"href":"https:\/\/www.verdi-tu.de\/wordpress\/wp-json\/wp\/v2\/types\/post"}],"author":[{"embeddable":true,"href":"https:\/\/www.verdi-tu.de\/wordpress\/wp-json\/wp\/v2\/users\/3"}],"replies":[{"embeddable":true,"href":"https:\/\/www.verdi-tu.de\/wordpress\/wp-json\/wp\/v2\/comments?post=2442"}],"version-history":[{"count":5,"href":"https:\/\/www.verdi-tu.de\/wordpress\/wp-json\/wp\/v2\/posts\/2442\/revisions"}],"predecessor-version":[{"id":2570,"href":"https:\/\/www.verdi-tu.de\/wordpress\/wp-json\/wp\/v2\/posts\/2442\/revisions\/2570"}],"wp:featuredmedia":[{"embeddable":true,"href":"https:\/\/www.verdi-tu.de\/wordpress\/wp-json\/wp\/v2\/media\/2468"}],"wp:attachment":[{"href":"https:\/\/www.verdi-tu.de\/wordpress\/wp-json\/wp\/v2\/media?parent=2442"}],"wp:term":[{"taxonomy":"category","embeddable":true,"href":"https:\/\/www.verdi-tu.de\/wordpress\/wp-json\/wp\/v2\/categories?post=2442"},{"taxonomy":"post_tag","embeddable":true,"href":"https:\/\/www.verdi-tu.de\/wordpress\/wp-json\/wp\/v2\/tags?post=2442"}],"curies":[{"name":"wp","href":"https:\/\/api.w.org\/{rel}","templated":true}]}}