{"id":2261,"date":"2021-11-11T18:42:10","date_gmt":"2021-11-11T16:42:10","guid":{"rendered":"https:\/\/www.verdi-tu.de\/wordpress\/?p=2261"},"modified":"2021-11-23T16:04:13","modified_gmt":"2021-11-23T14:04:13","slug":"tarifrunde-der-laender-2021-tv-l","status":"publish","type":"post","link":"https:\/\/www.verdi-tu.de\/wordpress\/tarifrunde-der-laender-2021-tv-l\/","title":{"rendered":"Tarifrunde der L\u00e4nder 2021 (TV-L)"},"content":{"rendered":"<h3><\/h3>\n<h3>Liebe Kollegin, lieber Kollege,<\/h3>\n<p>wie Du sicher weist, laufen momentan die Tarifverhandlungen der L\u00e4nder, die auch unsere Arbeitsbedingungen an der TU Berlin betreffen. \u00dcber den E-Mail-Verteiler der Betriebsgruppe planen und informieren wir \u00fcber konkrete Aktionen an der TU Berlin und mit Kolleg*innen anderer Einrichtungen. Auf dieser Webseite informieren wir \u00fcber den aktuellen Stand.<\/p>\n<p>Der Betriebsgruppenvorstand hat den Pr\u00e4sidenten der TU am 22.09.2021\u00a0 dazu aufgefordert gegen\u00fcber der KAV (Arbeitgebervertreter) hinzuwirken, den Angriff auf den Arbeitsvorgang einzustellen, da dieser die Hochschule in weitere Bedr\u00e4ngnis in Bezug auf die Personalentwicklung bringen w\u00fcrde. Den Brief findet ihr <a href=\"https:\/\/www.verdi-tu.de\/wordpress\/wp-content\/uploads\/verdi-BGV_TVL2021_Arbeitsvorgang_AnschreibenHSLeitung.pdf\">hier<\/a>. Da bisher keine Antwort kam, hat der Vorstand am 19.11.2021 nochmals nachgehakt. Die Nachfrage findet ihr <a href=\"https:\/\/www.verdi-tu.de\/wordpress\/wp-content\/uploads\/verdi-BGV_TVL2021_Arbeitsvorgang_AnschreibenHSLeitung_Nachfrage.pdf\">hier<\/a>.<\/p>\n<p><span style=\"color: #000000;\">Nur mit vereinten Kr\u00e4ften erzielen wir Verbesserungen und sichern wir bereits Erk\u00e4mpftes. Sei es Dir wert &#8211; bring Dich ein!<\/span><\/p>\n<p><a href=\"https:\/\/www.verdi-tu.de\/wordpress\/wp-content\/uploads\/Tarifrunde_Karte_A5.pdf\"><img loading=\"lazy\" decoding=\"async\" class=\"wp-image-2293 alignnone\" src=\"https:\/\/www.verdi-tu.de\/wordpress\/wp-content\/uploads\/Tarifrunde_Karte_A5_Seite_1-1024x722.png\" alt=\"\" width=\"295\" height=\"208\" srcset=\"https:\/\/www.verdi-tu.de\/wordpress\/wp-content\/uploads\/Tarifrunde_Karte_A5_Seite_1-1024x722.png 1024w, https:\/\/www.verdi-tu.de\/wordpress\/wp-content\/uploads\/Tarifrunde_Karte_A5_Seite_1-300x211.png 300w, https:\/\/www.verdi-tu.de\/wordpress\/wp-content\/uploads\/Tarifrunde_Karte_A5_Seite_1-768x541.png 768w, https:\/\/www.verdi-tu.de\/wordpress\/wp-content\/uploads\/Tarifrunde_Karte_A5_Seite_1-1536x1083.png 1536w, https:\/\/www.verdi-tu.de\/wordpress\/wp-content\/uploads\/Tarifrunde_Karte_A5_Seite_1-2048x1444.png 2048w\" sizes=\"auto, (max-width: 295px) 100vw, 295px\" \/><\/a><a href=\"https:\/\/www.verdi-tu.de\/wordpress\/wp-content\/uploads\/Tarifrunde_Karte_A5.pdf\"><img loading=\"lazy\" decoding=\"async\" class=\"wp-image-2294 alignnone\" src=\"https:\/\/www.verdi-tu.de\/wordpress\/wp-content\/uploads\/Tarifrunde_Karte_A5_Seite_2-1024x724.png\" alt=\"\" width=\"282\" height=\"199\" srcset=\"https:\/\/www.verdi-tu.de\/wordpress\/wp-content\/uploads\/Tarifrunde_Karte_A5_Seite_2-1024x724.png 1024w, https:\/\/www.verdi-tu.de\/wordpress\/wp-content\/uploads\/Tarifrunde_Karte_A5_Seite_2-300x212.png 300w, https:\/\/www.verdi-tu.de\/wordpress\/wp-content\/uploads\/Tarifrunde_Karte_A5_Seite_2-768x543.png 768w, https:\/\/www.verdi-tu.de\/wordpress\/wp-content\/uploads\/Tarifrunde_Karte_A5_Seite_2-1536x1086.png 1536w, https:\/\/www.verdi-tu.de\/wordpress\/wp-content\/uploads\/Tarifrunde_Karte_A5_Seite_2-2048x1448.png 2048w\" sizes=\"auto, (max-width: 282px) 100vw, 282px\" \/><\/a><\/p>\n<h3><strong>Brandaktuelle Infos findest Du immer hier:<\/strong><\/h3>\n<p><a href=\"https:\/\/padlet.com\/janaseppelt\/bjh9lvcsxubmlav6\">https:\/\/padlet.com\/janaseppelt\/bjh9lvcsxubmlav6<\/a><\/p>\n<h3><strong>Verhandlungstermine<\/strong><\/h3>\n<ul>\n<li><del>Verhandlungsauftakt: 8. Oktober<\/del><\/li>\n<li><del>Zweite Verhandlungsrunde: 1.\/2. November<\/del><\/li>\n<li><strong>Dritte Verhandlungsrunde: 27.\/28. November<\/strong><\/li>\n<\/ul>\n<h3><strong>Infomaterialien<\/strong><\/h3>\n<p>Zum Thema Arbeitsvorgang:<\/p>\n<ul>\n<li><a href=\"https:\/\/www.verdi-tu.de\/wordpress\/tarifrunde-der-laender-2021-tv-l\/3774_70_02_flugblatt_arbeitsvorgang\/\" rel=\"attachment wp-att-2266\">Arbeitsvorgang &#8211; Flugblatt (PDF)<\/a><\/li>\n<li><a href=\"https:\/\/www.verdi-tu.de\/wordpress\/tarifrunde-der-laender-2021-tv-l\/argumente_arbeitsvorgang\/\" rel=\"attachment wp-att-2262\">Arbeitsvorgang &#8211; Argumente (PDF)<\/a><\/li>\n<li><a href=\"https:\/\/unverzichtbar.verdi.de\/++co++735323f4-ad81-11eb-8ac8-001a4a16012a\">Video zum Arbeitsvorgang (externer Link)<\/a><\/li>\n<\/ul>\n<p>Hinweise zum Arbeitskampf:<\/p>\n<ul>\n<li><a href=\"https:\/\/www.verdi-tu.de\/wordpress\/tarifrunde-der-laender-2021-tv-l\/04-deine-rechte-im-streik\/\" rel=\"attachment wp-att-2264\">Deine Rechte im Streik (PDF)<\/a><\/li>\n<li><a href=\"https:\/\/www.verdi-tu.de\/wordpress\/tarifrunde-der-laender-2021-tv-l\/10-ausstempeln\/\" rel=\"attachment wp-att-2265\">Zeiterfassung und Ausstempeln (PDF)<\/a><\/li>\n<\/ul>\n<h3><img loading=\"lazy\" decoding=\"async\" class=\"wp-image-2278 alignleft\" src=\"https:\/\/www.verdi-tu.de\/wordpress\/wp-content\/uploads\/Untitled-1.png\" alt=\"\" width=\"470\" height=\"317\" srcset=\"https:\/\/www.verdi-tu.de\/wordpress\/wp-content\/uploads\/Untitled-1.png 726w, https:\/\/www.verdi-tu.de\/wordpress\/wp-content\/uploads\/Untitled-1-300x202.png 300w\" sizes=\"auto, (max-width: 470px) 100vw, 470px\" \/><\/h3>\n","protected":false},"excerpt":{"rendered":"<p>Liebe Kollegin, lieber Kollege, wie Du sicher weist, laufen momentan die Tarifverhandlungen der L\u00e4nder, die auch unsere Arbeitsbedingungen an der&#8230;<\/p>\n","protected":false},"author":4,"featured_media":0,"comment_status":"closed","ping_status":"closed","sticky":false,"template":"","format":"standard","meta":{"footnotes":""},"categories":[5],"tags":[],"class_list":["post-2261","post","type-post","status-publish","format-standard","hentry","category-tv-l"],"_links":{"self":[{"href":"https:\/\/www.verdi-tu.de\/wordpress\/wp-json\/wp\/v2\/posts\/2261","targetHints":{"allow":["GET"]}}],"collection":[{"href":"https:\/\/www.verdi-tu.de\/wordpress\/wp-json\/wp\/v2\/posts"}],"about":[{"href":"https:\/\/www.verdi-tu.de\/wordpress\/wp-json\/wp\/v2\/types\/post"}],"author":[{"embeddable":true,"href":"https:\/\/www.verdi-tu.de\/wordpress\/wp-json\/wp\/v2\/users\/4"}],"replies":[{"embeddable":true,"href":"https:\/\/www.verdi-tu.de\/wordpress\/wp-json\/wp\/v2\/comments?post=2261"}],"version-history":[{"count":29,"href":"https:\/\/www.verdi-tu.de\/wordpress\/wp-json\/wp\/v2\/posts\/2261\/revisions"}],"predecessor-version":[{"id":2297,"href":"https:\/\/www.verdi-tu.de\/wordpress\/wp-json\/wp\/v2\/posts\/2261\/revisions\/2297"}],"wp:attachment":[{"href":"https:\/\/www.verdi-tu.de\/wordpress\/wp-json\/wp\/v2\/media?parent=2261"}],"wp:term":[{"taxonomy":"category","embeddable":true,"href":"https:\/\/www.verdi-tu.de\/wordpress\/wp-json\/wp\/v2\/categories?post=2261"},{"taxonomy":"post_tag","embeddable":true,"href":"https:\/\/www.verdi-tu.de\/wordpress\/wp-json\/wp\/v2\/tags?post=2261"}],"curies":[{"name":"wp","href":"https:\/\/api.w.org\/{rel}","templated":true}]}}