{"id":2215,"date":"2021-08-31T14:24:08","date_gmt":"2021-08-31T12:24:08","guid":{"rendered":"http:\/\/www.verdi-tu.de\/wordpress\/?p=2215"},"modified":"2021-08-31T14:33:21","modified_gmt":"2021-08-31T12:33:21","slug":"bg-treffen-am-07-09-21-um-1630-uhr","status":"publish","type":"post","link":"https:\/\/www.verdi-tu.de\/wordpress\/bg-treffen-am-07-09-21-um-1630-uhr\/","title":{"rendered":"BG-Treffen am 07.09.21 um 16:30 Uhr!"},"content":{"rendered":"<p>Das n\u00e4chste BG-Treffen findet per WebEx am 07.09.21 um 16:30 Uhr statt.<\/p>\n<p>Prim\u00e4r werden wir uns \u00fcber die anstehende TV-L Runde unterhalten. Die TdL will an die Thematik &#8222;Arbeitsvorgang&#8220; ran, das ist eine Kampfansage! Wir brauchen die gesamte BG um unsere Interessen gegen\u00fcber unserer Arbeitgeberin deutlich zu machen.<\/p>\n<p>Wer teilnehmen m\u00f6chte und den Link ben\u00f6tigt, meldet sich bitte per E-Mail bei <a href=\"mailto:nico.rudolph@tu-berlin.de\" target=\"_blank\" rel=\"noopener noreferrer\">Nico Rudolph<\/a>.<\/p>\n","protected":false},"excerpt":{"rendered":"<p>Das n\u00e4chste BG-Treffen findet per WebEx am 07.09.21 um 16:30 Uhr statt. Prim\u00e4r werden wir uns \u00fcber die anstehende TV-L&#8230;<\/p>\n","protected":false},"author":6,"featured_media":0,"comment_status":"closed","ping_status":"closed","sticky":false,"template":"","format":"standard","meta":{"footnotes":""},"categories":[1],"tags":[],"class_list":["post-2215","post","type-post","status-publish","format-standard","hentry","category-allgemein"],"_links":{"self":[{"href":"https:\/\/www.verdi-tu.de\/wordpress\/wp-json\/wp\/v2\/posts\/2215","targetHints":{"allow":["GET"]}}],"collection":[{"href":"https:\/\/www.verdi-tu.de\/wordpress\/wp-json\/wp\/v2\/posts"}],"about":[{"href":"https:\/\/www.verdi-tu.de\/wordpress\/wp-json\/wp\/v2\/types\/post"}],"author":[{"embeddable":true,"href":"https:\/\/www.verdi-tu.de\/wordpress\/wp-json\/wp\/v2\/users\/6"}],"replies":[{"embeddable":true,"href":"https:\/\/www.verdi-tu.de\/wordpress\/wp-json\/wp\/v2\/comments?post=2215"}],"version-history":[{"count":2,"href":"https:\/\/www.verdi-tu.de\/wordpress\/wp-json\/wp\/v2\/posts\/2215\/revisions"}],"predecessor-version":[{"id":2221,"href":"https:\/\/www.verdi-tu.de\/wordpress\/wp-json\/wp\/v2\/posts\/2215\/revisions\/2221"}],"wp:attachment":[{"href":"https:\/\/www.verdi-tu.de\/wordpress\/wp-json\/wp\/v2\/media?parent=2215"}],"wp:term":[{"taxonomy":"category","embeddable":true,"href":"https:\/\/www.verdi-tu.de\/wordpress\/wp-json\/wp\/v2\/categories?post=2215"},{"taxonomy":"post_tag","embeddable":true,"href":"https:\/\/www.verdi-tu.de\/wordpress\/wp-json\/wp\/v2\/tags?post=2215"}],"curies":[{"name":"wp","href":"https:\/\/api.w.org\/{rel}","templated":true}]}}